{"id":488,"date":"2019-04-26T21:41:25","date_gmt":"2019-04-26T20:41:25","guid":{"rendered":"http:\/\/fc2kw.de\/wp\/?p=488"},"modified":"2022-03-01T15:31:28","modified_gmt":"2022-03-01T14:31:28","slug":"wildwasserr-saalach-2019","status":"publish","type":"post","link":"https:\/\/fc2kw.de\/wp\/?p=488","title":{"rendered":"Wildwasser Saalach 2019"},"content":{"rendered":"\n<p>12. &#8211; 16.4.2019<\/p>\n\n\n\n<p>In\u00eas, Christian, J\u00f6rg, Knut<\/p>\n\n\n\n<p><br>Perfektes Wetter (2\u00b0 + Schneeschauer) und bestes Wasser auf und an der Saalach. Dass es J\u00f6rg und Knut am 1. Tag direkt nach ca. 10min am Wehr umgehauen hat wollen wir hier nicht erw\u00e4hnen. Leider konnte Christian aufgrund von \u201eR\u00fccken\u201c nicht mitpaddeln. Und J\u00f6rg hat am 3. Tag dann ebenfalls gestreikt. Aber In\u00eas und Knut haben es komplett durchgezogen. In\u00eas hat alles gefahren, was es zu fahren gibt. RESPEKT!<\/p>\n\n\n\n<p>Paddeltechnisch und kulinarisch ein Highlight welches wiederholt werden sollte (bzw. muss). Allen hat es einen riesen Spass gemacht und es hat sich 100%ig gelohnt. Aber bitte das n\u00e4chste mal wieder mit Christian im Boot!<\/p>\n\n\n\n<p><a href=\"https:\/\/1drv.ms\/a\/s!AuBlWqq33cWVkm-DW_CFXW9KY41b\">Alle Bilder gibt es hier<\/a>!<\/p>\n\n\n\n<figure class=\"wp-block-image\"><img decoding=\"async\" src=\"https:\/\/v8x2eg.dm.files.1drv.com\/y4mSse5SoIV0jcd12s42tB2OjOW14LdGNS2izSoDOBnxW9A5l3eiAVxJhNwBjelyrxXmLn9bsdsbM2oIhNkI8a4JNVdFOG8XNCVmfO40JWDXWpZ2OerEKpbkDSbbzr6nUpvLkSJRlmUSeYrfGUkaCW0sfc_UystGhVn2lENCYlIl98eUYe3l8LDk2cqyJJ2bf7Xi7nj7evxIkJ5Vw2-yQqaXQ?width=1024&amp;height=680&amp;cropmode=none\" alt=\"\"\/><\/figure>\n\n\n\n<figure class=\"wp-block-image\"><img decoding=\"async\" src=\"https:\/\/vsxakq.dm.files.1drv.com\/y4mXFE_Q6zmft76iBk4JlVPspfHVug8SyyZUrf8PziH1StdO4kv_FJqL_mir6DRHrLYD101WVurlcJS7NtbDEUJeoTwZ3sIefaW3F-6muNPVtComxSsuEfq9B2lVN58F6V_2ldQvZrbhFxeiHE4JXUJgs8eiA2fgR4aog2LCqRZBd5w9T8MucaOIBPiyxPspqgKHRSCwtRsXJ9iLPj9-csSlQ?width=1024&amp;height=680&amp;cropmode=none\" alt=\"\"\/><\/figure>\n\n\n\n<figure class=\"wp-block-image\"><img decoding=\"async\" src=\"https:\/\/s8vbng.dm.files.1drv.com\/y4maWCPV0k0SY5_bz63XPj7pVUvOrH0dyGv1xxu8U2DCHc9aPMzQnfmKOhwdwsCIFn0W7yvwZZVyjI58TkSdgxasRcQz-G6U1de_h2-icU26RKqEIUNnhM8IyWo5KkGbvVc04ydyj22pJJkekHzEZpAzYF8URvDWXjmaj8S0ElMT7qa_cwJXAwiOxS1UuUFHxi3_NxjnUWhx1G2EUhdp2C29g?width=1024&amp;height=680&amp;cropmode=none\" alt=\"\"\/><\/figure>\n","protected":false},"excerpt":{"rendered":"<p>12. &#8211; 16.4.2019 In\u00eas, Christian, J\u00f6rg, Knut Perfektes Wetter (2\u00b0 + Schneeschauer) und bestes Wasser auf und an der Saalach. Dass es J\u00f6rg und Knut am 1. Tag direkt nach ca. 10min am Wehr umgehauen hat wollen wir hier nicht erw\u00e4hnen. Leider konnte Christian aufgrund von \u201eR\u00fccken\u201c nicht mitpaddeln. Und J\u00f6rg hat am 3. Tag &hellip; <a href=\"https:\/\/fc2kw.de\/wp\/?p=488\" class=\"more-link\"><span class=\"screen-reader-text\">Wildwasser Saalach 2019<\/span> weiterlesen <span class=\"meta-nav\">&rarr;<\/span><\/a><\/p>\n","protected":false},"author":1,"featured_media":0,"comment_status":"closed","ping_status":"open","sticky":false,"template":"","format":"standard","meta":{"footnotes":""},"categories":[1],"tags":[],"class_list":["post-488","post","type-post","status-publish","format-standard","hentry","category-uncategorized"],"_links":{"self":[{"href":"https:\/\/fc2kw.de\/wp\/index.php?rest_route=\/wp\/v2\/posts\/488","targetHints":{"allow":["GET"]}}],"collection":[{"href":"https:\/\/fc2kw.de\/wp\/index.php?rest_route=\/wp\/v2\/posts"}],"about":[{"href":"https:\/\/fc2kw.de\/wp\/index.php?rest_route=\/wp\/v2\/types\/post"}],"author":[{"embeddable":true,"href":"https:\/\/fc2kw.de\/wp\/index.php?rest_route=\/wp\/v2\/users\/1"}],"replies":[{"embeddable":true,"href":"https:\/\/fc2kw.de\/wp\/index.php?rest_route=%2Fwp%2Fv2%2Fcomments&post=488"}],"version-history":[{"count":5,"href":"https:\/\/fc2kw.de\/wp\/index.php?rest_route=\/wp\/v2\/posts\/488\/revisions"}],"predecessor-version":[{"id":625,"href":"https:\/\/fc2kw.de\/wp\/index.php?rest_route=\/wp\/v2\/posts\/488\/revisions\/625"}],"wp:attachment":[{"href":"https:\/\/fc2kw.de\/wp\/index.php?rest_route=%2Fwp%2Fv2%2Fmedia&parent=488"}],"wp:term":[{"taxonomy":"category","embeddable":true,"href":"https:\/\/fc2kw.de\/wp\/index.php?rest_route=%2Fwp%2Fv2%2Fcategories&post=488"},{"taxonomy":"post_tag","embeddable":true,"href":"https:\/\/fc2kw.de\/wp\/index.php?rest_route=%2Fwp%2Fv2%2Ftags&post=488"}],"curies":[{"name":"wp","href":"https:\/\/api.w.org\/{rel}","templated":true}]}}