{"id":849,"date":"2023-09-02T16:24:01","date_gmt":"2023-09-02T15:24:01","guid":{"rendered":"https:\/\/fc2kw.de\/wp\/?p=849"},"modified":"2023-09-03T12:16:46","modified_gmt":"2023-09-03T11:16:46","slug":"auf-der-fulda-september-2023","status":"publish","type":"post","link":"https:\/\/fc2kw.de\/wp\/?p=849","title":{"rendered":"Auf der Fulda September 2023"},"content":{"rendered":"\n<p>Britta und Thorsten waren wieder mal unterwegs. Diesmal ging es auf die Fulda in der N\u00e4he von Bad Hersfeld. Die Fulda ist von Mainz in ca 2:30 zu erreichen und es gibt eine Bahnverbindung entlang des Flusses, damit das Umsetzen der Boote problemlos klappt.<\/p>\n\n\n\n<p><strong>Tag 1 auf der Fulda<\/strong><br>Es ging von Friedlos kurz hinter Bad Hersfeld bis nach Rotenburg. Das sind gut 18 km.<br>Wir hatten nur ein Wehr. Ansonsten war freie Fahrt auf einem sch\u00f6nen Wanderfl\u00fcsschen.<br>Rotenburg ist ein kleines St\u00e4dtchen, mit viel Fachwerk . Es hat etwas von heile Welt. Sehr sch\u00f6n.<\/p>\n\n\n<div class=\"wp-block-image\">\n<figure class=\"aligncenter is-resized\"><img decoding=\"async\" src=\"https:\/\/fc2kw.de\/wp\/wp-content\/uploads\/2023\/09\/Fulda-16.jpg\" alt=\"\" class=\"wp-image-852\" style=\"width:500px\" width=\"500\" srcset=\"https:\/\/fc2kw.de\/wp\/wp-content\/uploads\/2023\/09\/Fulda-16.jpg 1247w, https:\/\/fc2kw.de\/wp\/wp-content\/uploads\/2023\/09\/Fulda-16-197x300.jpg 197w, https:\/\/fc2kw.de\/wp\/wp-content\/uploads\/2023\/09\/Fulda-16-672x1024.jpg 672w, https:\/\/fc2kw.de\/wp\/wp-content\/uploads\/2023\/09\/Fulda-16-768x1170.jpg 768w, https:\/\/fc2kw.de\/wp\/wp-content\/uploads\/2023\/09\/Fulda-16-1008x1536.jpg 1008w\" sizes=\"(max-width: 1247px) 100vw, 1247px\" \/><\/figure>\n<\/div>\n\n<div class=\"wp-block-image\">\n<figure class=\"aligncenter size-large is-resized\"><img decoding=\"async\" src=\"https:\/\/fc2kw.de\/wp\/wp-content\/uploads\/2023\/09\/Fulda-13-1024x768.jpg\" alt=\"\" class=\"wp-image-851\" style=\"width:500px\" width=\"500\" srcset=\"https:\/\/fc2kw.de\/wp\/wp-content\/uploads\/2023\/09\/Fulda-13-1024x768.jpg 1024w, https:\/\/fc2kw.de\/wp\/wp-content\/uploads\/2023\/09\/Fulda-13-300x225.jpg 300w, https:\/\/fc2kw.de\/wp\/wp-content\/uploads\/2023\/09\/Fulda-13-768x576.jpg 768w, https:\/\/fc2kw.de\/wp\/wp-content\/uploads\/2023\/09\/Fulda-13-1536x1152.jpg 1536w, https:\/\/fc2kw.de\/wp\/wp-content\/uploads\/2023\/09\/Fulda-13.jpg 1900w\" sizes=\"(max-width: 1024px) 100vw, 1024px\" \/><\/figure>\n<\/div>\n\n\n<p>Am Nachmittag ging es noch zum Sightseeing nach Bad Hersfeld. Bad Hersfeld ist ein nettes St\u00e4dtchen mit einigen Einkaufsm\u00f6glichkeiten und der bekannten Stiftsruine mit den Bad Hersfelder Festspielen.<\/p>\n\n\n\n\n\n<p><strong>Tag 2: Wandern<\/strong><br>Die Wettervorhersage war an diesem Tag nicht so gut. Deshalb haben wir eine Wandertour rund um den Hohen Mei\u00dfner gemacht. Dies ist ein Premiumweg von 13 km. Sehr zu empfehlen.<br>Danach ging es in die Therme nach Bad Sooden Allendorf, um die m\u00fcden Knochen zu entspannen.<\/p>\n\n\n<div class=\"wp-block-image\">\n<figure class=\"aligncenter size-full is-resized\"><img decoding=\"async\" src=\"https:\/\/fc2kw.de\/wp\/wp-content\/uploads\/2023\/09\/Screenshot-2023-09-02-at-17.17.09.png\" alt=\"\" class=\"wp-image-859\" style=\"width:500px\" width=\"500\" srcset=\"https:\/\/fc2kw.de\/wp\/wp-content\/uploads\/2023\/09\/Screenshot-2023-09-02-at-17.17.09.png 902w, https:\/\/fc2kw.de\/wp\/wp-content\/uploads\/2023\/09\/Screenshot-2023-09-02-at-17.17.09-300x300.png 300w, https:\/\/fc2kw.de\/wp\/wp-content\/uploads\/2023\/09\/Screenshot-2023-09-02-at-17.17.09-150x150.png 150w, https:\/\/fc2kw.de\/wp\/wp-content\/uploads\/2023\/09\/Screenshot-2023-09-02-at-17.17.09-768x770.png 768w\" sizes=\"(max-width: 902px) 100vw, 902px\" \/><\/figure>\n<\/div>\n\n<div class=\"wp-block-image\">\n<figure class=\"aligncenter size-large is-resized\"><img decoding=\"async\" src=\"https:\/\/fc2kw.de\/wp\/wp-content\/uploads\/2023\/09\/Fulda-28-1024x768.jpg\" alt=\"\" class=\"wp-image-855\" style=\"width:500px\" width=\"500\" srcset=\"https:\/\/fc2kw.de\/wp\/wp-content\/uploads\/2023\/09\/Fulda-28-1024x768.jpg 1024w, https:\/\/fc2kw.de\/wp\/wp-content\/uploads\/2023\/09\/Fulda-28-300x225.jpg 300w, https:\/\/fc2kw.de\/wp\/wp-content\/uploads\/2023\/09\/Fulda-28-768x576.jpg 768w, https:\/\/fc2kw.de\/wp\/wp-content\/uploads\/2023\/09\/Fulda-28-1536x1152.jpg 1536w, https:\/\/fc2kw.de\/wp\/wp-content\/uploads\/2023\/09\/Fulda-28.jpg 1900w\" sizes=\"(max-width: 1024px) 100vw, 1024px\" \/><\/figure>\n<\/div>\n\n\n<p><strong>Tag 3: Paddeln <\/strong><br>Am dritten sonnigen Tag ging es von Rotenburg bis nach Alten-Morschen. Das sind gut 15 km. Es gab Wehre direkt am Anfang und am Ende. Durch den gestrigen Regen hatten wir heute eine sehr sehr gute Str\u00f6mung. Ruckzuck war das Ziel durch den Ritt auf der Welle erreicht.<br><\/p>\n\n\n<div class=\"wp-block-image\">\n<figure class=\"aligncenter size-full is-resized\"><img decoding=\"async\" src=\"https:\/\/fc2kw.de\/wp\/wp-content\/uploads\/2023\/09\/Screenshot-2023-09-02-at-17.20.33.png\" alt=\"\" class=\"wp-image-860\" style=\"width:500px\" width=\"500\" srcset=\"https:\/\/fc2kw.de\/wp\/wp-content\/uploads\/2023\/09\/Screenshot-2023-09-02-at-17.20.33.png 990w, https:\/\/fc2kw.de\/wp\/wp-content\/uploads\/2023\/09\/Screenshot-2023-09-02-at-17.20.33-300x252.png 300w, https:\/\/fc2kw.de\/wp\/wp-content\/uploads\/2023\/09\/Screenshot-2023-09-02-at-17.20.33-768x644.png 768w\" sizes=\"(max-width: 990px) 100vw, 990px\" \/><\/figure>\n<\/div>\n\n<div class=\"wp-block-image\">\n<figure class=\"aligncenter size-large is-resized\"><img decoding=\"async\" src=\"https:\/\/fc2kw.de\/wp\/wp-content\/uploads\/2023\/09\/Fulda-30-1024x768.jpg\" alt=\"\" class=\"wp-image-853\" style=\"width:500px\" width=\"500\" srcset=\"https:\/\/fc2kw.de\/wp\/wp-content\/uploads\/2023\/09\/Fulda-30-1024x768.jpg 1024w, https:\/\/fc2kw.de\/wp\/wp-content\/uploads\/2023\/09\/Fulda-30-300x225.jpg 300w, https:\/\/fc2kw.de\/wp\/wp-content\/uploads\/2023\/09\/Fulda-30-768x576.jpg 768w, https:\/\/fc2kw.de\/wp\/wp-content\/uploads\/2023\/09\/Fulda-30-1536x1152.jpg 1536w, https:\/\/fc2kw.de\/wp\/wp-content\/uploads\/2023\/09\/Fulda-30.jpg 1900w\" sizes=\"(max-width: 1024px) 100vw, 1024px\" \/><\/figure>\n<\/div>\n\n\n<p>Die Fulda ist definitiv eine Empfehlung wert. Die Tour hat Spa\u00df gemacht. Der Campingplatz in Rotenburg war sehr gem\u00fctlich und klein. Die Umgebung ist sehr sch\u00f6n, die Infrastruktur mit Restaurants und B\u00e4ckereien ebenfalls Top.<\/p>\n\n\n\n<p><\/p>\n","protected":false},"excerpt":{"rendered":"<p>Britta und Thorsten waren wieder mal unterwegs. Diesmal ging es auf die Fulda in der N\u00e4he von Bad Hersfeld. Die Fulda ist von Mainz in ca 2:30 zu erreichen und es gibt eine Bahnverbindung entlang des Flusses, damit das Umsetzen der Boote problemlos klappt. Tag 1 auf der FuldaEs ging von Friedlos kurz hinter Bad &hellip; <a href=\"https:\/\/fc2kw.de\/wp\/?p=849\" class=\"more-link\"><span class=\"screen-reader-text\">Auf der Fulda September 2023<\/span> weiterlesen <span class=\"meta-nav\">&rarr;<\/span><\/a><\/p>\n","protected":false},"author":1,"featured_media":0,"comment_status":"closed","ping_status":"open","sticky":false,"template":"","format":"standard","meta":{"footnotes":""},"categories":[1],"tags":[],"class_list":["post-849","post","type-post","status-publish","format-standard","hentry","category-uncategorized"],"_links":{"self":[{"href":"https:\/\/fc2kw.de\/wp\/index.php?rest_route=\/wp\/v2\/posts\/849","targetHints":{"allow":["GET"]}}],"collection":[{"href":"https:\/\/fc2kw.de\/wp\/index.php?rest_route=\/wp\/v2\/posts"}],"about":[{"href":"https:\/\/fc2kw.de\/wp\/index.php?rest_route=\/wp\/v2\/types\/post"}],"author":[{"embeddable":true,"href":"https:\/\/fc2kw.de\/wp\/index.php?rest_route=\/wp\/v2\/users\/1"}],"replies":[{"embeddable":true,"href":"https:\/\/fc2kw.de\/wp\/index.php?rest_route=%2Fwp%2Fv2%2Fcomments&post=849"}],"version-history":[{"count":7,"href":"https:\/\/fc2kw.de\/wp\/index.php?rest_route=\/wp\/v2\/posts\/849\/revisions"}],"predecessor-version":[{"id":867,"href":"https:\/\/fc2kw.de\/wp\/index.php?rest_route=\/wp\/v2\/posts\/849\/revisions\/867"}],"wp:attachment":[{"href":"https:\/\/fc2kw.de\/wp\/index.php?rest_route=%2Fwp%2Fv2%2Fmedia&parent=849"}],"wp:term":[{"taxonomy":"category","embeddable":true,"href":"https:\/\/fc2kw.de\/wp\/index.php?rest_route=%2Fwp%2Fv2%2Fcategories&post=849"},{"taxonomy":"post_tag","embeddable":true,"href":"https:\/\/fc2kw.de\/wp\/index.php?rest_route=%2Fwp%2Fv2%2Ftags&post=849"}],"curies":[{"name":"wp","href":"https:\/\/api.w.org\/{rel}","templated":true}]}}