{"id":900,"date":"2024-05-12T15:25:49","date_gmt":"2024-05-12T14:25:49","guid":{"rendered":"https:\/\/fc2kw.de\/wp\/?p=900"},"modified":"2024-05-12T15:25:49","modified_gmt":"2024-05-12T14:25:49","slug":"werra-tour-2024","status":"publish","type":"post","link":"https:\/\/fc2kw.de\/wp\/?p=900","title":{"rendered":"Werra Tour 2024"},"content":{"rendered":"\n<p>Um Christi Himmelfahrt vom 08.05 &#8211; 12.05.2024 ging es f\u00fcr eine kleine Gruppe an die Werra. <br>An der Werra waren wir vorher noch nicht.<\/p>\n\n\n\n<p>Der Campingplatz war in Creuzburg:  <br><a href=\"https:\/\/werratal-tours.de\/campingplatz\/\">https:\/\/werratal-tours.de\/campingplatz\/<\/a><br>Der Platz ist sehr sch\u00f6n. Nicht zu gro\u00df, nicht \u00fcberf\u00fcllt,  sauber und entspannt.<br><\/p>\n\n\n<div class=\"wp-block-image\">\n<figure class=\"aligncenter size-large\"><img loading=\"lazy\" decoding=\"async\" width=\"1024\" height=\"768\" src=\"https:\/\/fc2kw.de\/wp\/wp-content\/uploads\/2024\/05\/WerraPaddeln-01-1024x768.jpg\" alt=\"\" class=\"wp-image-901\" srcset=\"https:\/\/fc2kw.de\/wp\/wp-content\/uploads\/2024\/05\/WerraPaddeln-01-1024x768.jpg 1024w, https:\/\/fc2kw.de\/wp\/wp-content\/uploads\/2024\/05\/WerraPaddeln-01-300x225.jpg 300w, https:\/\/fc2kw.de\/wp\/wp-content\/uploads\/2024\/05\/WerraPaddeln-01-768x576.jpg 768w, https:\/\/fc2kw.de\/wp\/wp-content\/uploads\/2024\/05\/WerraPaddeln-01-1536x1152.jpg 1536w, https:\/\/fc2kw.de\/wp\/wp-content\/uploads\/2024\/05\/WerraPaddeln-01-2048x1536.jpg 2048w\" sizes=\"auto, (max-width: 1024px) 100vw, 1024px\" \/><\/figure>\n<\/div>\n\n\n<p>Das Wetter war perfekt.  Jeden Tag nur Sonnenschein.<\/p>\n\n\n\n<p>Thorsten und Britta sind schon Mittwochs angereist und waren Donnerstags noch eine Runde im Hainich wandern.<br><a href=\"https:\/\/www.nationalpark-hainich.de\/de\/\">https:\/\/www.nationalpark-hainich.de\/de\/<\/a><br>Der Hainich ist ein Buchenwald und  Unesco Weltnaturerbe.<\/p>\n\n\n<div class=\"wp-block-image\">\n<figure class=\"aligncenter size-large\"><img loading=\"lazy\" decoding=\"async\" width=\"1024\" height=\"603\" src=\"https:\/\/fc2kw.de\/wp\/wp-content\/uploads\/2024\/05\/WerraPaddeln-03-1024x603.jpg\" alt=\"\" class=\"wp-image-903\" srcset=\"https:\/\/fc2kw.de\/wp\/wp-content\/uploads\/2024\/05\/WerraPaddeln-03-1024x603.jpg 1024w, https:\/\/fc2kw.de\/wp\/wp-content\/uploads\/2024\/05\/WerraPaddeln-03-300x177.jpg 300w, https:\/\/fc2kw.de\/wp\/wp-content\/uploads\/2024\/05\/WerraPaddeln-03-768x452.jpg 768w, https:\/\/fc2kw.de\/wp\/wp-content\/uploads\/2024\/05\/WerraPaddeln-03-1536x904.jpg 1536w, https:\/\/fc2kw.de\/wp\/wp-content\/uploads\/2024\/05\/WerraPaddeln-03-2048x1205.jpg 2048w\" sizes=\"auto, (max-width: 1024px) 100vw, 1024px\" \/><figcaption class=\"wp-element-caption\">Screenshot<\/figcaption><\/figure>\n<\/div>\n\n<div class=\"wp-block-image\">\n<figure class=\"aligncenter size-large\"><img loading=\"lazy\" decoding=\"async\" width=\"1024\" height=\"683\" src=\"https:\/\/fc2kw.de\/wp\/wp-content\/uploads\/2024\/05\/WerraPaddeln-04-1024x683.jpg\" alt=\"\" class=\"wp-image-902\" srcset=\"https:\/\/fc2kw.de\/wp\/wp-content\/uploads\/2024\/05\/WerraPaddeln-04-1024x683.jpg 1024w, https:\/\/fc2kw.de\/wp\/wp-content\/uploads\/2024\/05\/WerraPaddeln-04-300x200.jpg 300w, https:\/\/fc2kw.de\/wp\/wp-content\/uploads\/2024\/05\/WerraPaddeln-04-768x512.jpg 768w, https:\/\/fc2kw.de\/wp\/wp-content\/uploads\/2024\/05\/WerraPaddeln-04-1536x1024.jpg 1536w, https:\/\/fc2kw.de\/wp\/wp-content\/uploads\/2024\/05\/WerraPaddeln-04-2048x1366.jpg 2048w\" sizes=\"auto, (max-width: 1024px) 100vw, 1024px\" \/><\/figure>\n<\/div>\n\n\n<p>Am n\u00e4chsten Tag sind wir dann zusammen auf der Werra gepaddelt.<br>Das Teilst\u00fcck ging von Lauchr\u00f6da bis zum Campingplatz in Creuzburg.<br>Die Werra ist ein entspannter Wanderfluss mit angenehmer Str\u00f6mung.<br>Nur ein Wehr mussten wir umtragen.<br>Die Paddel-Infrastruktur ist an der Werra sehr gut. Alle Ein-und Ausstiegsstellen sind gut markiert und gut erreichbar.<\/p>\n\n\n<div class=\"wp-block-image\">\n<figure class=\"aligncenter size-large\"><img loading=\"lazy\" decoding=\"async\" width=\"1024\" height=\"554\" src=\"https:\/\/fc2kw.de\/wp\/wp-content\/uploads\/2024\/05\/WerraPaddeln-10-1024x554.jpg\" alt=\"\" class=\"wp-image-904\" srcset=\"https:\/\/fc2kw.de\/wp\/wp-content\/uploads\/2024\/05\/WerraPaddeln-10-1024x554.jpg 1024w, https:\/\/fc2kw.de\/wp\/wp-content\/uploads\/2024\/05\/WerraPaddeln-10-300x162.jpg 300w, https:\/\/fc2kw.de\/wp\/wp-content\/uploads\/2024\/05\/WerraPaddeln-10-768x416.jpg 768w, https:\/\/fc2kw.de\/wp\/wp-content\/uploads\/2024\/05\/WerraPaddeln-10-1536x831.jpg 1536w, https:\/\/fc2kw.de\/wp\/wp-content\/uploads\/2024\/05\/WerraPaddeln-10-2048x1108.jpg 2048w\" sizes=\"auto, (max-width: 1024px) 100vw, 1024px\" \/><figcaption class=\"wp-element-caption\">Screenshot<\/figcaption><\/figure>\n<\/div>\n\n<div class=\"wp-block-image\">\n<figure class=\"aligncenter size-large\"><img loading=\"lazy\" decoding=\"async\" width=\"1024\" height=\"768\" src=\"https:\/\/fc2kw.de\/wp\/wp-content\/uploads\/2024\/05\/WerraPaddeln-14-1024x768.jpg\" alt=\"\" class=\"wp-image-905\" srcset=\"https:\/\/fc2kw.de\/wp\/wp-content\/uploads\/2024\/05\/WerraPaddeln-14-1024x768.jpg 1024w, https:\/\/fc2kw.de\/wp\/wp-content\/uploads\/2024\/05\/WerraPaddeln-14-300x225.jpg 300w, https:\/\/fc2kw.de\/wp\/wp-content\/uploads\/2024\/05\/WerraPaddeln-14-768x576.jpg 768w, https:\/\/fc2kw.de\/wp\/wp-content\/uploads\/2024\/05\/WerraPaddeln-14-1536x1152.jpg 1536w, https:\/\/fc2kw.de\/wp\/wp-content\/uploads\/2024\/05\/WerraPaddeln-14-2048x1536.jpg 2048w\" sizes=\"auto, (max-width: 1024px) 100vw, 1024px\" \/><\/figure>\n<\/div>\n\n<div class=\"wp-block-image\">\n<figure class=\"aligncenter size-large\"><img loading=\"lazy\" decoding=\"async\" width=\"1024\" height=\"768\" src=\"https:\/\/fc2kw.de\/wp\/wp-content\/uploads\/2024\/05\/WerraPaddeln-13-1024x768.jpg\" alt=\"\" class=\"wp-image-906\" srcset=\"https:\/\/fc2kw.de\/wp\/wp-content\/uploads\/2024\/05\/WerraPaddeln-13-1024x768.jpg 1024w, https:\/\/fc2kw.de\/wp\/wp-content\/uploads\/2024\/05\/WerraPaddeln-13-300x225.jpg 300w, https:\/\/fc2kw.de\/wp\/wp-content\/uploads\/2024\/05\/WerraPaddeln-13-768x576.jpg 768w, https:\/\/fc2kw.de\/wp\/wp-content\/uploads\/2024\/05\/WerraPaddeln-13-1536x1152.jpg 1536w, https:\/\/fc2kw.de\/wp\/wp-content\/uploads\/2024\/05\/WerraPaddeln-13-2048x1536.jpg 2048w\" sizes=\"auto, (max-width: 1024px) 100vw, 1024px\" \/><\/figure>\n<\/div>\n\n\n<p>Abends waren wir in Eisenach, haben das Bach-Geburtshaus besichtigt und waren gut Essen. <\/p>\n\n\n<div class=\"wp-block-image\">\n<figure class=\"aligncenter size-large\"><img loading=\"lazy\" decoding=\"async\" width=\"1024\" height=\"683\" src=\"https:\/\/fc2kw.de\/wp\/wp-content\/uploads\/2024\/05\/WerraPaddeln-18-1024x683.jpg\" alt=\"\" class=\"wp-image-909\" srcset=\"https:\/\/fc2kw.de\/wp\/wp-content\/uploads\/2024\/05\/WerraPaddeln-18-1024x683.jpg 1024w, https:\/\/fc2kw.de\/wp\/wp-content\/uploads\/2024\/05\/WerraPaddeln-18-300x200.jpg 300w, https:\/\/fc2kw.de\/wp\/wp-content\/uploads\/2024\/05\/WerraPaddeln-18-768x512.jpg 768w, https:\/\/fc2kw.de\/wp\/wp-content\/uploads\/2024\/05\/WerraPaddeln-18-1536x1024.jpg 1536w, https:\/\/fc2kw.de\/wp\/wp-content\/uploads\/2024\/05\/WerraPaddeln-18-2048x1366.jpg 2048w\" sizes=\"auto, (max-width: 1024px) 100vw, 1024px\" \/><\/figure>\n<\/div>\n\n\n<p>Am n\u00e4chsten Tag ging es von Creuzburg bis Frankenroda. Auf der Strecke gab es auch nur ein Wehr, ein paar Schw\u00e4lle und wieder viel sch\u00f6ne Natur. Durch die Str\u00f6mung ist man immer flott unterwegs.<\/p>\n\n\n<div class=\"wp-block-image\">\n<figure class=\"aligncenter size-large\"><img loading=\"lazy\" decoding=\"async\" width=\"1024\" height=\"554\" src=\"https:\/\/fc2kw.de\/wp\/wp-content\/uploads\/2024\/05\/WerraPaddeln-22-1024x554.jpg\" alt=\"\" class=\"wp-image-907\" srcset=\"https:\/\/fc2kw.de\/wp\/wp-content\/uploads\/2024\/05\/WerraPaddeln-22-1024x554.jpg 1024w, https:\/\/fc2kw.de\/wp\/wp-content\/uploads\/2024\/05\/WerraPaddeln-22-300x162.jpg 300w, https:\/\/fc2kw.de\/wp\/wp-content\/uploads\/2024\/05\/WerraPaddeln-22-768x415.jpg 768w, https:\/\/fc2kw.de\/wp\/wp-content\/uploads\/2024\/05\/WerraPaddeln-22-1536x831.jpg 1536w, https:\/\/fc2kw.de\/wp\/wp-content\/uploads\/2024\/05\/WerraPaddeln-22-2048x1108.jpg 2048w\" sizes=\"auto, (max-width: 1024px) 100vw, 1024px\" \/><figcaption class=\"wp-element-caption\">Screenshot<\/figcaption><\/figure>\n<\/div>\n\n<div class=\"wp-block-image\">\n<figure class=\"aligncenter size-large\"><img loading=\"lazy\" decoding=\"async\" width=\"1024\" height=\"768\" src=\"https:\/\/fc2kw.de\/wp\/wp-content\/uploads\/2024\/05\/WerraPaddeln-26-1024x768.jpg\" alt=\"\" class=\"wp-image-908\" srcset=\"https:\/\/fc2kw.de\/wp\/wp-content\/uploads\/2024\/05\/WerraPaddeln-26-1024x768.jpg 1024w, https:\/\/fc2kw.de\/wp\/wp-content\/uploads\/2024\/05\/WerraPaddeln-26-300x225.jpg 300w, https:\/\/fc2kw.de\/wp\/wp-content\/uploads\/2024\/05\/WerraPaddeln-26-768x576.jpg 768w, https:\/\/fc2kw.de\/wp\/wp-content\/uploads\/2024\/05\/WerraPaddeln-26-1536x1152.jpg 1536w, https:\/\/fc2kw.de\/wp\/wp-content\/uploads\/2024\/05\/WerraPaddeln-26-2048x1536.jpg 2048w\" sizes=\"auto, (max-width: 1024px) 100vw, 1024px\" \/><\/figure>\n<\/div>\n\n<div class=\"wp-block-image\">\n<figure class=\"aligncenter size-large\"><img loading=\"lazy\" decoding=\"async\" width=\"1024\" height=\"768\" src=\"https:\/\/fc2kw.de\/wp\/wp-content\/uploads\/2024\/05\/WerraPaddeln-28-1024x768.jpg\" alt=\"\" class=\"wp-image-910\" srcset=\"https:\/\/fc2kw.de\/wp\/wp-content\/uploads\/2024\/05\/WerraPaddeln-28-1024x768.jpg 1024w, https:\/\/fc2kw.de\/wp\/wp-content\/uploads\/2024\/05\/WerraPaddeln-28-300x225.jpg 300w, https:\/\/fc2kw.de\/wp\/wp-content\/uploads\/2024\/05\/WerraPaddeln-28-768x576.jpg 768w, https:\/\/fc2kw.de\/wp\/wp-content\/uploads\/2024\/05\/WerraPaddeln-28-1536x1152.jpg 1536w, https:\/\/fc2kw.de\/wp\/wp-content\/uploads\/2024\/05\/WerraPaddeln-28-2048x1536.jpg 2048w\" sizes=\"auto, (max-width: 1024px) 100vw, 1024px\" \/><\/figure>\n<\/div>\n\n\n<p>Es hat allen Beteiligten wieder sehr viel Spa\u00df gemacht. <\/p>\n\n\n\n<p>Alle Bilder zur Tour k\u00f6nnt ihr <a href=\"https:\/\/richtopia.de\/s\/LEYYcHCXXNbwHpM\">hier sehen<\/a><\/p>\n","protected":false},"excerpt":{"rendered":"<p>Um Christi Himmelfahrt vom 08.05 &#8211; 12.05.2024 ging es f\u00fcr eine kleine Gruppe an die Werra. An der Werra waren wir vorher noch nicht. Der Campingplatz war in Creuzburg: https:\/\/werratal-tours.de\/campingplatz\/Der Platz ist sehr sch\u00f6n. Nicht zu gro\u00df, nicht \u00fcberf\u00fcllt, sauber und entspannt. Das Wetter war perfekt. Jeden Tag nur Sonnenschein. Thorsten und Britta sind schon &hellip; <a href=\"https:\/\/fc2kw.de\/wp\/?p=900\" class=\"more-link\"><span class=\"screen-reader-text\">Werra Tour 2024<\/span> weiterlesen <span class=\"meta-nav\">&rarr;<\/span><\/a><\/p>\n","protected":false},"author":1,"featured_media":0,"comment_status":"closed","ping_status":"open","sticky":false,"template":"","format":"standard","meta":{"footnotes":""},"categories":[1],"tags":[],"class_list":["post-900","post","type-post","status-publish","format-standard","hentry","category-uncategorized"],"_links":{"self":[{"href":"https:\/\/fc2kw.de\/wp\/index.php?rest_route=\/wp\/v2\/posts\/900","targetHints":{"allow":["GET"]}}],"collection":[{"href":"https:\/\/fc2kw.de\/wp\/index.php?rest_route=\/wp\/v2\/posts"}],"about":[{"href":"https:\/\/fc2kw.de\/wp\/index.php?rest_route=\/wp\/v2\/types\/post"}],"author":[{"embeddable":true,"href":"https:\/\/fc2kw.de\/wp\/index.php?rest_route=\/wp\/v2\/users\/1"}],"replies":[{"embeddable":true,"href":"https:\/\/fc2kw.de\/wp\/index.php?rest_route=%2Fwp%2Fv2%2Fcomments&post=900"}],"version-history":[{"count":2,"href":"https:\/\/fc2kw.de\/wp\/index.php?rest_route=\/wp\/v2\/posts\/900\/revisions"}],"predecessor-version":[{"id":912,"href":"https:\/\/fc2kw.de\/wp\/index.php?rest_route=\/wp\/v2\/posts\/900\/revisions\/912"}],"wp:attachment":[{"href":"https:\/\/fc2kw.de\/wp\/index.php?rest_route=%2Fwp%2Fv2%2Fmedia&parent=900"}],"wp:term":[{"taxonomy":"category","embeddable":true,"href":"https:\/\/fc2kw.de\/wp\/index.php?rest_route=%2Fwp%2Fv2%2Fcategories&post=900"},{"taxonomy":"post_tag","embeddable":true,"href":"https:\/\/fc2kw.de\/wp\/index.php?rest_route=%2Fwp%2Fv2%2Ftags&post=900"}],"curies":[{"name":"wp","href":"https:\/\/api.w.org\/{rel}","templated":true}]}}